{"id":2828,"date":"2023-05-05T07:49:01","date_gmt":"2023-05-05T07:49:01","guid":{"rendered":"https:\/\/www.ilbaluardo.it\/gruppo\/?p=2828"},"modified":"2023-05-05T07:49:01","modified_gmt":"2023-05-05T07:49:01","slug":"la-salute-al-centro-speciale-liguria","status":"publish","type":"post","link":"https:\/\/www.ilbaluardo.it\/gruppo\/la-salute-al-centro-speciale-liguria\/","title":{"rendered":"La salute al centro, Speciale Liguria"},"content":{"rendered":"<p>IN SYNLAB la salute \u00e8 un bene accessibile. Grazie ai continui investimenti in innovazione, ricerca e competenze, SYNLAB in Liguria trasforma i traguardi raggiunti in vantaggi per i pazienti, affinch\u00e9 prevenzione e salute siano pi\u00f9 accessibili per tutti.<\/p>\n<p><strong>Cosa vuol dire accessibilit\u00e0 in SYNLAB?<\/strong><br \/>\n1) <strong>una qualit\u00e0 diagnostica<\/strong> di altissimo profilo a tariffe sempre pi\u00f9 vicine alle esigenze dei nostri pazienti.<br \/>\n2) <strong>la comodit\u00e0 dei servizi<\/strong> senza attese, appuntamenti, con referti in tempi rapidi, servizio a domicilio e consulenza medica online.<br \/>\n3) <strong>la vicinanza<\/strong>, grazie ad una presenza sempre pi\u00f9 capillare e attenta alle esigenze del territorio e del quartiere.<\/p>\n<p>Presso i Centri SYNLAB il Baluardo potrai usufruire dei seguenti pacchetti in forma agevolata:<\/p>\n<p><strong>FUNZIONE E DANNO RENALE<\/strong><br \/>\n\\ Creatinina<br \/>\n\\ Cistatina C<br \/>\n\\ Albumina Urinaria<br \/>\n(\u201cMicroalbuminuria\u201d)<br \/>\n\\ Esame Urine Completo<\/p>\n<p>Sia la Cistatina C che la Creatinina sono presenti nel sangue: la Cistatina C, a differenza della Creatinina, non risente significativamente della massa muscolare (sesso o et\u00e0) e della dieta (soprattutto proteica) ed \u00e8 quindi un indicatore di funzionalit\u00e0 renale pi\u00f9 affidabile. L\u2019Albumina \u00e8 normalmente presente nelle urine in tracce minime. Un innalzamento della sua concentrazione nelle urine \u00e8 indice di danno renale. L\u2019esame delle urine, infine, consente di valutare lo stato complessivo del rene, ma anche di alcune patologie sistemiche extrarenali.<\/p>\n<p><strong>AVITAMINOSI<\/strong><br \/>\n\\ Vitamina D<br \/>\n\\ Vitamina B12<br \/>\n\\ Folati<br \/>\nLa carenza di una o pi\u00f9 vitamine rappresenta un quadro morboso che pu\u00f2 anche essere grave e pu\u00f2 essere causata da malnutrizione, alcolismo e alcune condizioni patologiche come, ad esempio, il Morbo di Crohn.<br \/>\nLa vitamina D \u00e8 fondamentale per numerose funzioni biologiche, come il metabolismo del calcio e del fosfato, e gioca un ruolo importante nella crescita cellulare, muscolo-scheletrica e nelle funzioni del sistema immunitario. La vitamina B12 \u00e8 coinvolta nel metabolismo degli aminoacidi, degli acidi grassi, degli acidi nucleici e, alla pari dell\u2019acido folico, coadiuva la sintesi del DNA e dell\u2019RNA. Inoltre, gioca un ruolo fondamentale nella produzione di globuli rossi prodotti dal midollo osseo.<\/p>\n<p><strong>DIABETE (PREVENZIONE DEL)<\/strong><br \/>\n\\ Glucosio<br \/>\n\\ Emoglobina glicata<br \/>\n\\ Homa Test<br \/>\nIl pacchetto comprende gli esami principali per valutare sia la predisposizione al diabete che la sua presenza conclamata. Il Glucosio che si lega all\u2019Emoglobina presente nei globuli rossi d\u00e0 origine all\u2019Emoglobina Glicata. Poich\u00e9 la vita media dell\u2019Emoglobina \u00e8 di circa tre mesi, la sua frazione glicata rappresenta un buon indice della glicemia media di tale periodo. L\u2019HOMA Test \u00e8 un esame di laboratorio che, attraverso la misurazione di glicemia e di insulina, fornisce un indice di eventuale insulino-resistenza, cio\u00e8 di quanto<br \/>\ndeve aumentare la produzione di insulina per continuare ad assicurare l\u2019efficacia della sua funzione.<\/p>\n<p><strong>FUNZIONE E DANNO EPATICO<\/strong><br \/>\n\\ AST<br \/>\n\\ ALT<br \/>\n\\ Gamma GT<br \/>\n\\ Bilirubina frazionata<br \/>\n\\ Albumina<br \/>\n\\ Transtiretina (Pre-albumina)<br \/>\n\\ Proteina C-reattiva<br \/>\nLe malattie pi\u00f9 comuni del fegato comportano un danno dell\u2019organo, con possibile sua disfunzione, e sono in genere causate da agenti esterni che possono essere tossici, come ad esempio l\u2019alcool, o virali. Gli analiti compresi in questo pacchetto consentono di valutare sia un danno delle cellule<br \/>\nepatiche che una diminuzione della funzione complessiva del fegato, con particolare attenzione alla sua capacit\u00e0 di sintesi delle proteine.<\/p>\n<p><strong>DISLIPIDEMIE<\/strong><br \/>\n\\ Colesterolo totale ed HDL<br \/>\n\\ Trigliceridi<br \/>\n\\ Colesterolo LDL<br \/>\n\\ Apo A1<br \/>\n\\ Apo B<br \/>\n\\ Lipoproteina (a)<br \/>\nLe dislipidemie rappresentano una serie di alterazioni della quantit\u00e0 di lipidi (grassi) nel sangue, in particolare trigliceridi e colesterolo, e sono uno dei principali fattori di rischio per le malattie cardiovascolari. Le lipoproteine Apo A1, Apo B e la Lipoproteina (a) sono markers pi\u00f9 specifici per la diagnosi di tale condizione patologica. In particolare, la Lipoproteina (a) rappresenta un fattore indipendente di rischio cardio-vascolare il cui aumento \u00e8 geneticamente determinato e per il quale non esiste terapia al momento. Conoscere una sua aumentata concentrazione \u00e8 importante per contenere altri fattori di rischio cardiovascolari eventualmente presenti.<\/p>\n<p><strong>METABOLICO<\/strong><br \/>\n\\ Colesterolo totale e HDL<br \/>\n\\ Trigliceridi<br \/>\n\\ Apo A1<br \/>\n\\ Apo B<br \/>\n\\ Lipoproteina (a)<br \/>\n\\ Colesterolo LDL<br \/>\n\\ Acido urico<br \/>\nIl pacchetto metabolico \u00e8 finalizzato a inquadrare lo stato di salute di chi si propone di riacquistare un equilibrio nutrizionale e un corretto stile di vita. I test contenuti in questo pacchetto sono volti alla valutazione dei fattori di rischio complessivi della sindrome metabolica (diabete, pressione alta, obesit\u00e0) e delle malattie cardiovascolari(cardiopatia ischemica, ischemia cerebrale), che ancora oggi sono tra le prime cause di mortalit\u00e0. L\u2019Acido urico \u00e8, invece, un fattore di rischio indipendente di mortalit\u00e0 ed il suo livello ideale pu\u00f2 essere raggiunto sia attraverso la dieta che con eventuale terapia farmacologica.<\/p>\n<p>Richiedi maggiori informazioni in accettazione, via telefono 0102471034 oppure via mail a info.liguria@synlab.it.<\/p>\n<p>&nbsp;<\/p>\n","protected":false},"excerpt":{"rendered":"<p>IN SYNLAB la salute \u00e8 un bene accessibile. Grazie ai continui investimenti in innovazione, ricerca e competenze, SYNLAB in Liguria trasforma i traguardi raggiunti in vantaggi per i pazienti, affinch\u00e9 prevenzione e salute siano pi\u00f9 accessibili per tutti. Cosa vuol dire accessibilit\u00e0 in SYNLAB? 1) una qualit\u00e0 diagnostica di altissimo profilo a tariffe sempre pi\u00f9 [&hellip;]<\/p>\n","protected":false},"author":6,"featured_media":2829,"comment_status":"closed","ping_status":"closed","sticky":false,"template":"","format":"standard","meta":{"_et_pb_use_builder":"","_et_pb_old_content":"","_et_gb_content_width":""},"categories":[34,33],"tags":[],"yoast_head":"<!-- This site is optimized with the Yoast SEO plugin v19.4 - https:\/\/yoast.com\/wordpress\/plugins\/seo\/ -->\n<title>La salute al centro, Speciale Liguria - SYNLAB Il Baluardo<\/title>\n<meta name=\"robots\" content=\"index, follow, max-snippet:-1, max-image-preview:large, max-video-preview:-1\" \/>\n<link rel=\"canonical\" href=\"https:\/\/www.ilbaluardo.it\/gruppo\/la-salute-al-centro-speciale-liguria\/\" \/>\n<meta property=\"og:locale\" content=\"it_IT\" \/>\n<meta property=\"og:type\" content=\"article\" \/>\n<meta property=\"og:title\" content=\"La salute al centro, Speciale Liguria - SYNLAB Il Baluardo\" \/>\n<meta property=\"og:description\" content=\"IN SYNLAB la salute \u00e8 un bene accessibile. Grazie ai continui investimenti in innovazione, ricerca e competenze, SYNLAB in Liguria trasforma i traguardi raggiunti in vantaggi per i pazienti, affinch\u00e9 prevenzione e salute siano pi\u00f9 accessibili per tutti. Cosa vuol dire accessibilit\u00e0 in SYNLAB? 1) una qualit\u00e0 diagnostica di altissimo profilo a tariffe sempre pi\u00f9 [&hellip;]\" \/>\n<meta property=\"og:url\" content=\"https:\/\/www.ilbaluardo.it\/gruppo\/la-salute-al-centro-speciale-liguria\/\" \/>\n<meta property=\"og:site_name\" content=\"SYNLAB Il Baluardo\" \/>\n<meta property=\"article:published_time\" content=\"2023-05-05T07:49:01+00:00\" \/>\n<meta property=\"og:image\" content=\"https:\/\/www.ilbaluardo.it\/gruppo\/wp-content\/uploads\/Liguria.jpg\" \/>\n\t<meta property=\"og:image:width\" content=\"1877\" \/>\n\t<meta property=\"og:image:height\" content=\"658\" \/>\n\t<meta property=\"og:image:type\" content=\"image\/jpeg\" \/>\n<meta name=\"author\" content=\"Federica Moresco\" \/>\n<meta name=\"twitter:card\" content=\"summary_large_image\" \/>\n<meta name=\"twitter:label1\" content=\"Scritto da\" \/>\n\t<meta name=\"twitter:data1\" content=\"Federica Moresco\" \/>\n\t<meta name=\"twitter:label2\" content=\"Tempo di lettura stimato\" \/>\n\t<meta name=\"twitter:data2\" content=\"4 minuti\" \/>\n<script type=\"application\/ld+json\" class=\"yoast-schema-graph\">{\"@context\":\"https:\/\/schema.org\",\"@graph\":[{\"@type\":\"WebSite\",\"@id\":\"https:\/\/www.ilbaluardo.it\/gruppo\/#website\",\"url\":\"https:\/\/www.ilbaluardo.it\/gruppo\/\",\"name\":\"SYNLAB Il Baluardo\",\"description\":\"Centro Diagnostico Polispecialistico privato Genova\",\"potentialAction\":[{\"@type\":\"SearchAction\",\"target\":{\"@type\":\"EntryPoint\",\"urlTemplate\":\"https:\/\/www.ilbaluardo.it\/gruppo\/?s={search_term_string}\"},\"query-input\":\"required name=search_term_string\"}],\"inLanguage\":\"it-IT\"},{\"@type\":\"WebPage\",\"@id\":\"https:\/\/www.ilbaluardo.it\/gruppo\/la-salute-al-centro-speciale-liguria\/\",\"url\":\"https:\/\/www.ilbaluardo.it\/gruppo\/la-salute-al-centro-speciale-liguria\/\",\"name\":\"La salute al centro, Speciale Liguria - SYNLAB Il Baluardo\",\"isPartOf\":{\"@id\":\"https:\/\/www.ilbaluardo.it\/gruppo\/#website\"},\"datePublished\":\"2023-05-05T07:49:01+00:00\",\"dateModified\":\"2023-05-05T07:49:01+00:00\",\"author\":{\"@id\":\"https:\/\/www.ilbaluardo.it\/gruppo\/#\/schema\/person\/065a76ae29e31a00660025e33f59dd43\"},\"breadcrumb\":{\"@id\":\"https:\/\/www.ilbaluardo.it\/gruppo\/la-salute-al-centro-speciale-liguria\/#breadcrumb\"},\"inLanguage\":\"it-IT\",\"potentialAction\":[{\"@type\":\"ReadAction\",\"target\":[\"https:\/\/www.ilbaluardo.it\/gruppo\/la-salute-al-centro-speciale-liguria\/\"]}]},{\"@type\":\"BreadcrumbList\",\"@id\":\"https:\/\/www.ilbaluardo.it\/gruppo\/la-salute-al-centro-speciale-liguria\/#breadcrumb\",\"itemListElement\":[{\"@type\":\"ListItem\",\"position\":1,\"name\":\"Home\",\"item\":\"https:\/\/www.ilbaluardo.it\/gruppo\/\"},{\"@type\":\"ListItem\",\"position\":2,\"name\":\"La salute al centro, Speciale Liguria\"}]},{\"@type\":\"Person\",\"@id\":\"https:\/\/www.ilbaluardo.it\/gruppo\/#\/schema\/person\/065a76ae29e31a00660025e33f59dd43\",\"name\":\"Federica Moresco\",\"image\":{\"@type\":\"ImageObject\",\"inLanguage\":\"it-IT\",\"@id\":\"https:\/\/www.ilbaluardo.it\/gruppo\/#\/schema\/person\/image\/\",\"url\":\"https:\/\/secure.gravatar.com\/avatar\/9945290a9fdd24683d7f62dbdee987e7?s=96&d=mm&r=g\",\"contentUrl\":\"https:\/\/secure.gravatar.com\/avatar\/9945290a9fdd24683d7f62dbdee987e7?s=96&d=mm&r=g\",\"caption\":\"Federica Moresco\"},\"url\":\"https:\/\/www.ilbaluardo.it\/gruppo\/author\/federica\/\"}]}<\/script>\n<!-- \/ Yoast SEO plugin. -->","yoast_head_json":{"title":"La salute al centro, Speciale Liguria - SYNLAB Il Baluardo","robots":{"index":"index","follow":"follow","max-snippet":"max-snippet:-1","max-image-preview":"max-image-preview:large","max-video-preview":"max-video-preview:-1"},"canonical":"https:\/\/www.ilbaluardo.it\/gruppo\/la-salute-al-centro-speciale-liguria\/","og_locale":"it_IT","og_type":"article","og_title":"La salute al centro, Speciale Liguria - SYNLAB Il Baluardo","og_description":"IN SYNLAB la salute \u00e8 un bene accessibile. Grazie ai continui investimenti in innovazione, ricerca e competenze, SYNLAB in Liguria trasforma i traguardi raggiunti in vantaggi per i pazienti, affinch\u00e9 prevenzione e salute siano pi\u00f9 accessibili per tutti. Cosa vuol dire accessibilit\u00e0 in SYNLAB? 1) una qualit\u00e0 diagnostica di altissimo profilo a tariffe sempre pi\u00f9 [&hellip;]","og_url":"https:\/\/www.ilbaluardo.it\/gruppo\/la-salute-al-centro-speciale-liguria\/","og_site_name":"SYNLAB Il Baluardo","article_published_time":"2023-05-05T07:49:01+00:00","og_image":[{"width":1877,"height":658,"url":"https:\/\/www.ilbaluardo.it\/gruppo\/wp-content\/uploads\/Liguria.jpg","type":"image\/jpeg"}],"author":"Federica Moresco","twitter_card":"summary_large_image","twitter_misc":{"Scritto da":"Federica Moresco","Tempo di lettura stimato":"4 minuti"},"schema":{"@context":"https:\/\/schema.org","@graph":[{"@type":"WebSite","@id":"https:\/\/www.ilbaluardo.it\/gruppo\/#website","url":"https:\/\/www.ilbaluardo.it\/gruppo\/","name":"SYNLAB Il Baluardo","description":"Centro Diagnostico Polispecialistico privato Genova","potentialAction":[{"@type":"SearchAction","target":{"@type":"EntryPoint","urlTemplate":"https:\/\/www.ilbaluardo.it\/gruppo\/?s={search_term_string}"},"query-input":"required name=search_term_string"}],"inLanguage":"it-IT"},{"@type":"WebPage","@id":"https:\/\/www.ilbaluardo.it\/gruppo\/la-salute-al-centro-speciale-liguria\/","url":"https:\/\/www.ilbaluardo.it\/gruppo\/la-salute-al-centro-speciale-liguria\/","name":"La salute al centro, Speciale Liguria - SYNLAB Il Baluardo","isPartOf":{"@id":"https:\/\/www.ilbaluardo.it\/gruppo\/#website"},"datePublished":"2023-05-05T07:49:01+00:00","dateModified":"2023-05-05T07:49:01+00:00","author":{"@id":"https:\/\/www.ilbaluardo.it\/gruppo\/#\/schema\/person\/065a76ae29e31a00660025e33f59dd43"},"breadcrumb":{"@id":"https:\/\/www.ilbaluardo.it\/gruppo\/la-salute-al-centro-speciale-liguria\/#breadcrumb"},"inLanguage":"it-IT","potentialAction":[{"@type":"ReadAction","target":["https:\/\/www.ilbaluardo.it\/gruppo\/la-salute-al-centro-speciale-liguria\/"]}]},{"@type":"BreadcrumbList","@id":"https:\/\/www.ilbaluardo.it\/gruppo\/la-salute-al-centro-speciale-liguria\/#breadcrumb","itemListElement":[{"@type":"ListItem","position":1,"name":"Home","item":"https:\/\/www.ilbaluardo.it\/gruppo\/"},{"@type":"ListItem","position":2,"name":"La salute al centro, Speciale Liguria"}]},{"@type":"Person","@id":"https:\/\/www.ilbaluardo.it\/gruppo\/#\/schema\/person\/065a76ae29e31a00660025e33f59dd43","name":"Federica Moresco","image":{"@type":"ImageObject","inLanguage":"it-IT","@id":"https:\/\/www.ilbaluardo.it\/gruppo\/#\/schema\/person\/image\/","url":"https:\/\/secure.gravatar.com\/avatar\/9945290a9fdd24683d7f62dbdee987e7?s=96&d=mm&r=g","contentUrl":"https:\/\/secure.gravatar.com\/avatar\/9945290a9fdd24683d7f62dbdee987e7?s=96&d=mm&r=g","caption":"Federica Moresco"},"url":"https:\/\/www.ilbaluardo.it\/gruppo\/author\/federica\/"}]}},"_links":{"self":[{"href":"https:\/\/www.ilbaluardo.it\/gruppo\/wp-json\/wp\/v2\/posts\/2828"}],"collection":[{"href":"https:\/\/www.ilbaluardo.it\/gruppo\/wp-json\/wp\/v2\/posts"}],"about":[{"href":"https:\/\/www.ilbaluardo.it\/gruppo\/wp-json\/wp\/v2\/types\/post"}],"author":[{"embeddable":true,"href":"https:\/\/www.ilbaluardo.it\/gruppo\/wp-json\/wp\/v2\/users\/6"}],"replies":[{"embeddable":true,"href":"https:\/\/www.ilbaluardo.it\/gruppo\/wp-json\/wp\/v2\/comments?post=2828"}],"version-history":[{"count":1,"href":"https:\/\/www.ilbaluardo.it\/gruppo\/wp-json\/wp\/v2\/posts\/2828\/revisions"}],"predecessor-version":[{"id":2830,"href":"https:\/\/www.ilbaluardo.it\/gruppo\/wp-json\/wp\/v2\/posts\/2828\/revisions\/2830"}],"wp:featuredmedia":[{"embeddable":true,"href":"https:\/\/www.ilbaluardo.it\/gruppo\/wp-json\/wp\/v2\/media\/2829"}],"wp:attachment":[{"href":"https:\/\/www.ilbaluardo.it\/gruppo\/wp-json\/wp\/v2\/media?parent=2828"}],"wp:term":[{"taxonomy":"category","embeddable":true,"href":"https:\/\/www.ilbaluardo.it\/gruppo\/wp-json\/wp\/v2\/categories?post=2828"},{"taxonomy":"post_tag","embeddable":true,"href":"https:\/\/www.ilbaluardo.it\/gruppo\/wp-json\/wp\/v2\/tags?post=2828"}],"curies":[{"name":"wp","href":"https:\/\/api.w.org\/{rel}","templated":true}]}}