{"id":3851,"date":"2024-07-10T08:21:05","date_gmt":"2024-07-10T08:21:05","guid":{"rendered":"https:\/\/www.ilbaluardo.it\/gruppo\/?p=3851"},"modified":"2024-07-10T08:21:05","modified_gmt":"2024-07-10T08:21:05","slug":"synlab-il-baluardo-al-fianco-di-tre-atleti-liguri-in-partenza-per-le-paralimpiadi-di-parigi-2024","status":"publish","type":"post","link":"https:\/\/www.ilbaluardo.it\/gruppo\/synlab-il-baluardo-al-fianco-di-tre-atleti-liguri-in-partenza-per-le-paralimpiadi-di-parigi-2024\/","title":{"rendered":"SYNLAB Il Baluardo al fianco di tre atleti liguri in partenza per le Paralimpiadi di Parigi 2024"},"content":{"rendered":"<h1><em><span style=\"font-size: 14pt;\"><span style=\"font-weight: 400;\">SYNLAB Il Baluardo \u00e8 orgoglioso di annunciare il sostegno a <\/span><b>tre eccellenze nel mondo dello sport ligure.<\/b><span style=\"font-weight: 400;\"> Si tratta degli <\/span><b>atleti paralimpici Amanda Embriaco<\/b><span style=\"font-weight: 400;\"> (canoa),<\/span><b> Francesca Salvad\u00e8<\/b><span style=\"font-weight: 400;\"> (Equitazione) e <\/span><b>Francesco Bocciardo<\/b><span style=\"font-weight: 400;\"> (Nuoto).<\/span><\/span><\/em><\/h1>\n<p><span style=\"font-size: 12pt;\"><span style=\"font-weight: 400;\">In vista delle Paralimpiadi di Parigi 2024 (28 agosto &#8211; 8 settembre), SYNLAB Il Baluardo ha deciso di supportare questi campioni consegnando, <\/span><b>nella giornata di marted\u00ec 9 luglio<\/b><span style=\"font-weight: 400;\">, <\/span><b>un kit ufficiale per il viaggio verso la Francia<\/b><span style=\"font-weight: 400;\">, comprensivo di zaino, borraccia, felpa, t-shirt e cappellino, e offrendo <\/span><b>l&#8217;accesso completo ai servizi del Poliambulatorio SYNLAB Il Baluardo <\/b><span style=\"font-weight: 400;\">del Porto Antico di Genova<\/span><span style=\"font-weight: 400;\">. Oltre a questo, SYNLAB Il Baluardo ha coperto anche parte delle <\/span><b>spese sostenute dagli atleti per effettuare gli allenamenti preparatori.<\/b><\/span><\/p>\n<p><span style=\"font-size: 12pt;\"><span style=\"font-weight: 400;\">Amanda, Francesca e Francesco avranno la possibilit\u00e0 di allenarsi e prendersi cura della loro salute presso la Palestra e il Poliambulatorio di Via alla Calata Marinetta 2, usufruendo di tutti i servizi di medicina dello sport e fisioterapia. Questo sostegno \u00e8 in linea con l&#8217;impegno di SYNLAB nel <\/span><b>promuovere la salute e il benessere di tutti gli sportivi, indipendentemente dalle loro capacit\u00e0 fisiche.<\/b><\/span><\/p>\n<p><span style=\"font-size: 12pt;\"><span style=\"font-weight: 400;\">La disabilit\u00e0 nello sport rappresenta una sfida, ma anche un\u2019opportunit\u00e0 per dimostrare che con la determinazione e il giusto supporto, ogni ostacolo pu\u00f2 essere superato. <\/span><em><span style=\"font-weight: 400;\">\u00ab<\/span><span style=\"font-weight: 400;\">SYNLAB \u00e8 fermamente convinto dell\u2019importanza dell\u2019inclusione e del valore della diversit\u00e0. Attraverso questo specifico supporto vogliamo promuovere un messaggio di resilienza, dimostrando che lo sport \u00e8 un potente mezzo per l&#8217;integrazione sociale.<\/span><span style=\"font-weight: 400;\"> Il nostro impegno verso l\u2019inclusione \u00e8 sempre in evoluzione: recentemente abbiamo sviluppato come SYNLAB anche un <\/span><b>progetto di accoglienza personalizzata alle persone autistiche nei nostri Centri<\/b><span style=\"font-weight: 400;\">, tramite un programma di formazione specialistica al personale interno che presto verr\u00e0 esteso anche in Liguria<\/span><span style=\"font-weight: 400;\">\u00bb.<\/span><\/em><span style=\"font-weight: 400;\"> &#8211; Sostiene Simona Lombardi, Regional Director SYNLAB Liguria.\u00a0<\/span><\/span><\/p>\n<p><span style=\"font-size: 12pt;\"><b>Evento di Settembre: Celebrazione dal Rientro dalle Paralimpiadi di Parigi 2024<br \/>\n<\/b><b><br \/>\n<\/b><span style=\"font-weight: 400;\">A settembre, dopo il loro ritorno dalle Paralimpiadi, Amanda Embriaco, Francesca Salvad\u00e8 e Francesco Bocciardo saranno i protagonisti di <\/span><b>un evento speciale aperto alla cittadinanza.<\/b><span style=\"font-weight: 400;\"> Durante questo appuntamento, gli atleti condivideranno le loro esperienze e i loro messaggi centrati sulla diversit\u00e0, l\u2019inclusione e la prevenzione. <\/span><\/span><\/p>\n<p><span style=\"font-size: 12pt;\"><span style=\"font-weight: 400;\">L\u2019evento sar\u00e0 un&#8217;opportunit\u00e0 unica per la comunit\u00e0 di<\/span><b> incontrare questi straordinari sportivi, ascoltare le loro storie e ispirarsi al loro esempio.<\/b><span style=\"font-weight: 400;\"> In loro compagnia gli specialisti della Medicina dello Sport di SYNLAB Il Baluardo per porre l\u2019attenzione sull\u2019importanza della prevenzione.<\/span><\/span><\/p>\n<p><span style=\"font-size: 12pt;\"><span style=\"font-weight: 400;\">SYNLAB Il Baluardo invita tutti a partecipare a questa celebrazione, che non solo onorer\u00e0 i risultati sportivi dei nostri atleti, ma rafforzer\u00e0 anche l&#8217;importanza di un mondo pi\u00f9 inclusivo e consapevole. <\/span><b>La data dell\u2019evento e il programma dettagliato saranno visibili prossimamente sul sito<\/b><a href=\"http:\/\/ilbaluardo.it\/\"> <b>ilbaluardo.it<\/b><\/a><b>\u00a0<\/b><\/span><\/p>\n<p>&nbsp;<\/p>\n","protected":false},"excerpt":{"rendered":"<p>SYNLAB Il Baluardo \u00e8 orgoglioso di annunciare il sostegno a tre eccellenze nel mondo dello sport ligure. Si tratta degli atleti paralimpici Amanda Embriaco (canoa), Francesca Salvad\u00e8 (Equitazione) e Francesco Bocciardo (Nuoto). In vista delle Paralimpiadi di Parigi 2024 (28 agosto &#8211; 8 settembre), SYNLAB Il Baluardo ha deciso di supportare questi campioni consegnando, nella [&hellip;]<\/p>\n","protected":false},"author":6,"featured_media":3853,"comment_status":"closed","ping_status":"closed","sticky":false,"template":"","format":"standard","meta":{"_et_pb_use_builder":"","_et_pb_old_content":"","_et_gb_content_width":""},"categories":[3,34,33],"tags":[140,108,141,142,66,50,88,138,139],"yoast_head":"<!-- This site is optimized with the Yoast SEO plugin v19.4 - https:\/\/yoast.com\/wordpress\/plugins\/seo\/ -->\n<title>SYNLAB Il Baluardo al fianco di tre atleti liguri in partenza per le Paralimpiadi di Parigi 2024 - SYNLAB Il Baluardo<\/title>\n<meta name=\"description\" content=\"SYNLAB Il Baluardo sostiene con accesso completo a tutti i suoi servizi tre atleti liguri in partenza per le Paralimpiadi di Parigi 2024.\" \/>\n<meta name=\"robots\" content=\"index, follow, max-snippet:-1, max-image-preview:large, max-video-preview:-1\" \/>\n<link rel=\"canonical\" href=\"https:\/\/www.ilbaluardo.it\/gruppo\/synlab-il-baluardo-al-fianco-di-tre-atleti-liguri-in-partenza-per-le-paralimpiadi-di-parigi-2024\/\" \/>\n<meta property=\"og:locale\" content=\"it_IT\" \/>\n<meta property=\"og:type\" content=\"article\" \/>\n<meta property=\"og:title\" content=\"SYNLAB Il Baluardo al fianco di tre atleti liguri in partenza per le Paralimpiadi di Parigi 2024 - SYNLAB Il Baluardo\" \/>\n<meta property=\"og:description\" content=\"SYNLAB Il Baluardo sostiene con accesso completo a tutti i suoi servizi tre atleti liguri in partenza per le Paralimpiadi di Parigi 2024.\" \/>\n<meta property=\"og:url\" content=\"https:\/\/www.ilbaluardo.it\/gruppo\/synlab-il-baluardo-al-fianco-di-tre-atleti-liguri-in-partenza-per-le-paralimpiadi-di-parigi-2024\/\" \/>\n<meta property=\"og:site_name\" content=\"SYNLAB Il Baluardo\" \/>\n<meta property=\"article:published_time\" content=\"2024-07-10T08:21:05+00:00\" \/>\n<meta property=\"og:image\" content=\"https:\/\/www.ilbaluardo.it\/gruppo\/wp-content\/uploads\/atlety_synlab_paralimpici-dimensioni-grandi.jpeg\" \/>\n\t<meta property=\"og:image:width\" content=\"1280\" \/>\n\t<meta property=\"og:image:height\" content=\"853\" \/>\n\t<meta property=\"og:image:type\" content=\"image\/jpeg\" \/>\n<meta name=\"author\" content=\"Federica Moresco\" \/>\n<meta name=\"twitter:card\" content=\"summary_large_image\" \/>\n<meta name=\"twitter:label1\" content=\"Scritto da\" \/>\n\t<meta name=\"twitter:data1\" content=\"Federica Moresco\" \/>\n\t<meta name=\"twitter:label2\" content=\"Tempo di lettura stimato\" \/>\n\t<meta name=\"twitter:data2\" content=\"3 minuti\" \/>\n<script type=\"application\/ld+json\" class=\"yoast-schema-graph\">{\"@context\":\"https:\/\/schema.org\",\"@graph\":[{\"@type\":\"WebSite\",\"@id\":\"https:\/\/www.ilbaluardo.it\/gruppo\/#website\",\"url\":\"https:\/\/www.ilbaluardo.it\/gruppo\/\",\"name\":\"SYNLAB Il Baluardo\",\"description\":\"Centro Diagnostico Polispecialistico privato Genova\",\"potentialAction\":[{\"@type\":\"SearchAction\",\"target\":{\"@type\":\"EntryPoint\",\"urlTemplate\":\"https:\/\/www.ilbaluardo.it\/gruppo\/?s={search_term_string}\"},\"query-input\":\"required name=search_term_string\"}],\"inLanguage\":\"it-IT\"},{\"@type\":\"WebPage\",\"@id\":\"https:\/\/www.ilbaluardo.it\/gruppo\/synlab-il-baluardo-al-fianco-di-tre-atleti-liguri-in-partenza-per-le-paralimpiadi-di-parigi-2024\/\",\"url\":\"https:\/\/www.ilbaluardo.it\/gruppo\/synlab-il-baluardo-al-fianco-di-tre-atleti-liguri-in-partenza-per-le-paralimpiadi-di-parigi-2024\/\",\"name\":\"SYNLAB Il Baluardo al fianco di tre atleti liguri in partenza per le Paralimpiadi di Parigi 2024 - SYNLAB Il Baluardo\",\"isPartOf\":{\"@id\":\"https:\/\/www.ilbaluardo.it\/gruppo\/#website\"},\"datePublished\":\"2024-07-10T08:21:05+00:00\",\"dateModified\":\"2024-07-10T08:21:05+00:00\",\"author\":{\"@id\":\"https:\/\/www.ilbaluardo.it\/gruppo\/#\/schema\/person\/065a76ae29e31a00660025e33f59dd43\"},\"description\":\"SYNLAB Il Baluardo sostiene con accesso completo a tutti i suoi servizi tre atleti liguri in partenza per le Paralimpiadi di Parigi 2024.\",\"breadcrumb\":{\"@id\":\"https:\/\/www.ilbaluardo.it\/gruppo\/synlab-il-baluardo-al-fianco-di-tre-atleti-liguri-in-partenza-per-le-paralimpiadi-di-parigi-2024\/#breadcrumb\"},\"inLanguage\":\"it-IT\",\"potentialAction\":[{\"@type\":\"ReadAction\",\"target\":[\"https:\/\/www.ilbaluardo.it\/gruppo\/synlab-il-baluardo-al-fianco-di-tre-atleti-liguri-in-partenza-per-le-paralimpiadi-di-parigi-2024\/\"]}]},{\"@type\":\"BreadcrumbList\",\"@id\":\"https:\/\/www.ilbaluardo.it\/gruppo\/synlab-il-baluardo-al-fianco-di-tre-atleti-liguri-in-partenza-per-le-paralimpiadi-di-parigi-2024\/#breadcrumb\",\"itemListElement\":[{\"@type\":\"ListItem\",\"position\":1,\"name\":\"Home\",\"item\":\"https:\/\/www.ilbaluardo.it\/gruppo\/\"},{\"@type\":\"ListItem\",\"position\":2,\"name\":\"SYNLAB Il Baluardo al fianco di tre atleti liguri in partenza per le Paralimpiadi di Parigi 2024\"}]},{\"@type\":\"Person\",\"@id\":\"https:\/\/www.ilbaluardo.it\/gruppo\/#\/schema\/person\/065a76ae29e31a00660025e33f59dd43\",\"name\":\"Federica Moresco\",\"image\":{\"@type\":\"ImageObject\",\"inLanguage\":\"it-IT\",\"@id\":\"https:\/\/www.ilbaluardo.it\/gruppo\/#\/schema\/person\/image\/\",\"url\":\"https:\/\/secure.gravatar.com\/avatar\/9945290a9fdd24683d7f62dbdee987e7?s=96&d=mm&r=g\",\"contentUrl\":\"https:\/\/secure.gravatar.com\/avatar\/9945290a9fdd24683d7f62dbdee987e7?s=96&d=mm&r=g\",\"caption\":\"Federica Moresco\"},\"url\":\"https:\/\/www.ilbaluardo.it\/gruppo\/author\/federica\/\"}]}<\/script>\n<!-- \/ Yoast SEO plugin. -->","yoast_head_json":{"title":"SYNLAB Il Baluardo al fianco di tre atleti liguri in partenza per le Paralimpiadi di Parigi 2024 - SYNLAB Il Baluardo","description":"SYNLAB Il Baluardo sostiene con accesso completo a tutti i suoi servizi tre atleti liguri in partenza per le Paralimpiadi di Parigi 2024.","robots":{"index":"index","follow":"follow","max-snippet":"max-snippet:-1","max-image-preview":"max-image-preview:large","max-video-preview":"max-video-preview:-1"},"canonical":"https:\/\/www.ilbaluardo.it\/gruppo\/synlab-il-baluardo-al-fianco-di-tre-atleti-liguri-in-partenza-per-le-paralimpiadi-di-parigi-2024\/","og_locale":"it_IT","og_type":"article","og_title":"SYNLAB Il Baluardo al fianco di tre atleti liguri in partenza per le Paralimpiadi di Parigi 2024 - SYNLAB Il Baluardo","og_description":"SYNLAB Il Baluardo sostiene con accesso completo a tutti i suoi servizi tre atleti liguri in partenza per le Paralimpiadi di Parigi 2024.","og_url":"https:\/\/www.ilbaluardo.it\/gruppo\/synlab-il-baluardo-al-fianco-di-tre-atleti-liguri-in-partenza-per-le-paralimpiadi-di-parigi-2024\/","og_site_name":"SYNLAB Il Baluardo","article_published_time":"2024-07-10T08:21:05+00:00","og_image":[{"width":1280,"height":853,"url":"https:\/\/www.ilbaluardo.it\/gruppo\/wp-content\/uploads\/atlety_synlab_paralimpici-dimensioni-grandi.jpeg","type":"image\/jpeg"}],"author":"Federica Moresco","twitter_card":"summary_large_image","twitter_misc":{"Scritto da":"Federica Moresco","Tempo di lettura stimato":"3 minuti"},"schema":{"@context":"https:\/\/schema.org","@graph":[{"@type":"WebSite","@id":"https:\/\/www.ilbaluardo.it\/gruppo\/#website","url":"https:\/\/www.ilbaluardo.it\/gruppo\/","name":"SYNLAB Il Baluardo","description":"Centro Diagnostico Polispecialistico privato Genova","potentialAction":[{"@type":"SearchAction","target":{"@type":"EntryPoint","urlTemplate":"https:\/\/www.ilbaluardo.it\/gruppo\/?s={search_term_string}"},"query-input":"required name=search_term_string"}],"inLanguage":"it-IT"},{"@type":"WebPage","@id":"https:\/\/www.ilbaluardo.it\/gruppo\/synlab-il-baluardo-al-fianco-di-tre-atleti-liguri-in-partenza-per-le-paralimpiadi-di-parigi-2024\/","url":"https:\/\/www.ilbaluardo.it\/gruppo\/synlab-il-baluardo-al-fianco-di-tre-atleti-liguri-in-partenza-per-le-paralimpiadi-di-parigi-2024\/","name":"SYNLAB Il Baluardo al fianco di tre atleti liguri in partenza per le Paralimpiadi di Parigi 2024 - SYNLAB Il Baluardo","isPartOf":{"@id":"https:\/\/www.ilbaluardo.it\/gruppo\/#website"},"datePublished":"2024-07-10T08:21:05+00:00","dateModified":"2024-07-10T08:21:05+00:00","author":{"@id":"https:\/\/www.ilbaluardo.it\/gruppo\/#\/schema\/person\/065a76ae29e31a00660025e33f59dd43"},"description":"SYNLAB Il Baluardo sostiene con accesso completo a tutti i suoi servizi tre atleti liguri in partenza per le Paralimpiadi di Parigi 2024.","breadcrumb":{"@id":"https:\/\/www.ilbaluardo.it\/gruppo\/synlab-il-baluardo-al-fianco-di-tre-atleti-liguri-in-partenza-per-le-paralimpiadi-di-parigi-2024\/#breadcrumb"},"inLanguage":"it-IT","potentialAction":[{"@type":"ReadAction","target":["https:\/\/www.ilbaluardo.it\/gruppo\/synlab-il-baluardo-al-fianco-di-tre-atleti-liguri-in-partenza-per-le-paralimpiadi-di-parigi-2024\/"]}]},{"@type":"BreadcrumbList","@id":"https:\/\/www.ilbaluardo.it\/gruppo\/synlab-il-baluardo-al-fianco-di-tre-atleti-liguri-in-partenza-per-le-paralimpiadi-di-parigi-2024\/#breadcrumb","itemListElement":[{"@type":"ListItem","position":1,"name":"Home","item":"https:\/\/www.ilbaluardo.it\/gruppo\/"},{"@type":"ListItem","position":2,"name":"SYNLAB Il Baluardo al fianco di tre atleti liguri in partenza per le Paralimpiadi di Parigi 2024"}]},{"@type":"Person","@id":"https:\/\/www.ilbaluardo.it\/gruppo\/#\/schema\/person\/065a76ae29e31a00660025e33f59dd43","name":"Federica Moresco","image":{"@type":"ImageObject","inLanguage":"it-IT","@id":"https:\/\/www.ilbaluardo.it\/gruppo\/#\/schema\/person\/image\/","url":"https:\/\/secure.gravatar.com\/avatar\/9945290a9fdd24683d7f62dbdee987e7?s=96&d=mm&r=g","contentUrl":"https:\/\/secure.gravatar.com\/avatar\/9945290a9fdd24683d7f62dbdee987e7?s=96&d=mm&r=g","caption":"Federica Moresco"},"url":"https:\/\/www.ilbaluardo.it\/gruppo\/author\/federica\/"}]}},"_links":{"self":[{"href":"https:\/\/www.ilbaluardo.it\/gruppo\/wp-json\/wp\/v2\/posts\/3851"}],"collection":[{"href":"https:\/\/www.ilbaluardo.it\/gruppo\/wp-json\/wp\/v2\/posts"}],"about":[{"href":"https:\/\/www.ilbaluardo.it\/gruppo\/wp-json\/wp\/v2\/types\/post"}],"author":[{"embeddable":true,"href":"https:\/\/www.ilbaluardo.it\/gruppo\/wp-json\/wp\/v2\/users\/6"}],"replies":[{"embeddable":true,"href":"https:\/\/www.ilbaluardo.it\/gruppo\/wp-json\/wp\/v2\/comments?post=3851"}],"version-history":[{"count":2,"href":"https:\/\/www.ilbaluardo.it\/gruppo\/wp-json\/wp\/v2\/posts\/3851\/revisions"}],"predecessor-version":[{"id":3854,"href":"https:\/\/www.ilbaluardo.it\/gruppo\/wp-json\/wp\/v2\/posts\/3851\/revisions\/3854"}],"wp:featuredmedia":[{"embeddable":true,"href":"https:\/\/www.ilbaluardo.it\/gruppo\/wp-json\/wp\/v2\/media\/3853"}],"wp:attachment":[{"href":"https:\/\/www.ilbaluardo.it\/gruppo\/wp-json\/wp\/v2\/media?parent=3851"}],"wp:term":[{"taxonomy":"category","embeddable":true,"href":"https:\/\/www.ilbaluardo.it\/gruppo\/wp-json\/wp\/v2\/categories?post=3851"},{"taxonomy":"post_tag","embeddable":true,"href":"https:\/\/www.ilbaluardo.it\/gruppo\/wp-json\/wp\/v2\/tags?post=3851"}],"curies":[{"name":"wp","href":"https:\/\/api.w.org\/{rel}","templated":true}]}}